[{"@context":"https:\/\/schema.org\/","@type":"Article","@id":"https:\/\/www.foko.cz\/vasi-zaci-budou-jeste-po-leta-vzpominat-na-to-co-u-nas-prozili\/#Article","mainEntityOfPage":"https:\/\/www.foko.cz\/vasi-zaci-budou-jeste-po-leta-vzpominat-na-to-co-u-nas-prozili\/","headline":"Va\u0161i \u017e\u00e1ci budou je\u0161t\u011b po l\u00e9ta vzpom\u00ednat na to, co u n\u00e1s pro\u017eili","name":"Va\u0161i \u017e\u00e1ci budou je\u0161t\u011b po l\u00e9ta vzpom\u00ednat na to, co u n\u00e1s pro\u017eili","description":"Ano p\u0159esn\u011b takov\u00fd m\u016f\u017ee b\u00fdt \u0161koln\u00ed v\u00fdlet, pokud vyu\u017eijete na\u0161ich slu\u017eeb. Jist\u011b si ka\u017ed\u00fd z V\u00e1s je\u0161t\u011b pamatuje, jak to&#46;&#46;&#46;","datePublished":"2017-06-24","dateModified":"2023-05-31","author":{"@type":"Person","@id":"https:\/\/www.foko.cz\/author\/#Person","name":"","url":"https:\/\/www.foko.cz\/author\/","identifier":1,"image":{"@type":"ImageObject","@id":"https:\/\/secure.gravatar.com\/avatar\/4faace62981be50719be6a25151192978e6d585737a520836dcb98934de3bb45?s=96&d=mm&r=g","url":"https:\/\/secure.gravatar.com\/avatar\/4faace62981be50719be6a25151192978e6d585737a520836dcb98934de3bb45?s=96&d=mm&r=g","height":96,"width":96}},"publisher":{"@type":"Organization","name":"foko.cz","logo":{"@type":"ImageObject","@id":"\/logo.png","url":"\/logo.png","width":600,"height":60}},"image":{"@type":"ImageObject","@id":"https:\/\/www.foko.cz\/wp-content\/uploads\/img_a290145_w2096_t1502264206.jpg","url":"https:\/\/www.foko.cz\/wp-content\/uploads\/img_a290145_w2096_t1502264206.jpg","height":0,"width":0},"url":"https:\/\/www.foko.cz\/vasi-zaci-budou-jeste-po-leta-vzpominat-na-to-co-u-nas-prozili\/","about":["Firmy"],"wordCount":427,"articleBody":"Ano p\u0159esn\u011b takov\u00fd m\u016f\u017ee b\u00fdt \u0161koln\u00ed v\u00fdlet, pokud vyu\u017eijete na\u0161ich slu\u017eeb. Jist\u011b si ka\u017ed\u00fd z V\u00e1s je\u0161t\u011b pamatuje, jak to chod\u00edvalo d\u0159\u00edv. Cel\u00e1 t\u0159\u00edda i s jedn\u00edm nebo dv\u011bma u\u010diteli nastoupila do autobusu a odjelo se na n\u011bjak\u00fd hrad \u010di z\u00e1mek, tam jste si pro\u0161li p\u00e1r m\u00edstnost\u00ed a pak jste m\u011bli na n\u011bjakou hodinu rozchod a \u010das sami pro sebe a pak se jelo dom\u016f. Prost\u011b z\u00e1\u017eitky nic moc. Ale tak tomu dnes nemus\u00ed b\u00fdt a Va\u0161e d\u011bti si mohou odn\u00e9st opravdu skv\u011bl\u00e9 z\u00e1\u017eitky pro cel\u00fd \u017eivot a je\u0161t\u011b se n\u011b\u010demu p\u0159iu\u010dit.&#13; N\u00e1mi p\u0159ipraven\u00e9 \u0161koln\u00ed v\u00fdlety jsou pln\u00e9 takov\u00fdch skv\u011bl\u00fdch z\u00e1\u017eitk\u016f a jsme si jisti, \u017ee si je u\u017eij\u00ed nejen d\u011bti, ale tak\u00e9 u\u010ditel\u00e9. O d\u011bti je pln\u011b postar\u00e1no, tak\u017ee p\u00e1ni u\u010ditel\u00e9 a pan\u00ed u\u010ditelky si mohou zvolen\u00fd program u\u017e\u00edvat z\u00e1rove\u0148 s d\u011btmi a nemus\u00ed se t\u00e9m\u011b\u0159 o nic starat. Dop\u0159ejte Va\u0161im d\u011btem tedy skv\u011bl\u00e9 a nezapomenuteln\u00e9 z\u00e1\u017eitky, o kter\u00fdch budou sv\u00fdm rodi\u010d\u016fm vypr\u00e1v\u011bt je\u0161t\u011b po dlouh\u00fd \u010das.&#13; Z\u00e1kladem ka\u017ed\u00e9ho n\u00e1mi po\u0159\u00e1dan\u00e9ho \u0161koln\u00edho v\u00fdletu je p\u0159edem p\u0159ipraven\u00fd program, d\u00edky kter\u00e9mu se vlastn\u011b pan u\u010ditel nebo pan\u00ed u\u010ditelka u\u017e nemus\u00ed o nic starat a nemus\u00ed pro d\u011bti nic vym\u00fd\u0161let, proto\u017ee tento \u00fakol je pln\u011b na n\u00e1s a t\u00edm p\u00e1dem si kone\u010dn\u011b i u\u010ditel\u00e9 mohou u\u017e\u00edvat \u0161koln\u00edho v\u00fdletu bez stresu a starost\u00ed.&#13; O v\u0161echno se toti\u017e postar\u00e1 zku\u0161en\u00fd pr\u016fvodce, kter\u00e9ho dostanete a kter\u00fd se bude starat o z\u00e1bavu a samoz\u0159ejm\u011b V\u00e1m zodpov\u00ed v\u0161echny zv\u00eddav\u00e9 ot\u00e1zky.&#13; D\u016fle\u017eitou sou\u010d\u00e1st\u00ed na\u0161ich \u0161koln\u00edch v\u00fdlet\u016f je aktivn\u00ed zapojen\u00ed v\u0161ech d\u011bt\u00ed do v\u0161ech aktivit, kter\u00e9 jsme pro n\u011b p\u0159ipravili. Sou\u010d\u00e1st\u00ed jsou tedy i praktick\u00e9 uk\u00e1zky, p\u0159i kter\u00fdch si d\u011bti v\u0161echno sami vyzkou\u0161\u00ed a otestuj\u00ed a prozkoumaj\u00ed. A asi tou nejv\u011bt\u0161\u00ed v\u00fdhodou je, \u017ee v\u0161echny na\u0161e atrakce najdete na jednom m\u00edst\u011b a nemus\u00edte se tak za dal\u0161\u00edmi z\u00e1\u017eitky p\u0159esouvat autobusem. Tak n\u00e1s vyzkou\u0161ejte a uvid\u00edte sami.                                                                                                                                                                                                                                                                                                                                                                                        4.7\/5 - (7 votes)        "},{"@context":"https:\/\/schema.org\/","@type":"BreadcrumbList","itemListElement":[{"@type":"ListItem","position":1,"name":"Va\u0161i \u017e\u00e1ci budou je\u0161t\u011b po l\u00e9ta vzpom\u00ednat na to, co u n\u00e1s pro\u017eili","item":"https:\/\/www.foko.cz\/vasi-zaci-budou-jeste-po-leta-vzpominat-na-to-co-u-nas-prozili\/#breadcrumbitem"}]}]