[{"@context":"https:\/\/schema.org\/","@type":"Article","@id":"https:\/\/www.foko.cz\/rekonstrukci-koupelny-sverte-profesionalum\/#Article","mainEntityOfPage":"https:\/\/www.foko.cz\/rekonstrukci-koupelny-sverte-profesionalum\/","headline":"Rekonstrukci koupelny sv\u011b\u0159te profesion\u00e1l\u016fm","name":"Rekonstrukci koupelny sv\u011b\u0159te profesion\u00e1l\u016fm","description":"Va\u0161e koupelna si zaru\u010den\u011b zaslou\u017e\u00ed modernizaci a prom\u011bnu. Nen\u00ed nefunk\u010dn\u00ed, ale svoje dobr\u00e9 roky u\u017e m\u00e1 bohu\u017eel d\u00e1vno za sebou.&#46;&#46;&#46;","datePublished":"2023-09-03","dateModified":"2023-09-03","author":{"@type":"Person","@id":"https:\/\/www.foko.cz\/author\/#Person","name":"","url":"https:\/\/www.foko.cz\/author\/","identifier":1,"image":{"@type":"ImageObject","@id":"https:\/\/secure.gravatar.com\/avatar\/4faace62981be50719be6a25151192978e6d585737a520836dcb98934de3bb45?s=96&d=mm&r=g","url":"https:\/\/secure.gravatar.com\/avatar\/4faace62981be50719be6a25151192978e6d585737a520836dcb98934de3bb45?s=96&d=mm&r=g","height":96,"width":96}},"publisher":{"@type":"Organization","name":"foko.cz","logo":{"@type":"ImageObject","@id":"\/logo.png","url":"\/logo.png","width":600,"height":60}},"url":"https:\/\/www.foko.cz\/rekonstrukci-koupelny-sverte-profesionalum\/","wordCount":227,"articleBody":"Va\u0161e koupelna si zaru\u010den\u011b zaslou\u017e\u00ed modernizaci a prom\u011bnu. Nen\u00ed nefunk\u010dn\u00ed, ale svoje dobr\u00e9 roky u\u017e m\u00e1 bohu\u017eel d\u00e1vno za sebou. Chcete vr\u00e1tit tomuto m\u00edstu jeho ztracen\u00e9 kouzlo. V\u0161echny nutn\u00e9 stavebn\u00ed \u00fapravy hodl\u00e1te sv\u011b\u0159it profesion\u00e1l\u016fm. Jste velk\u00fd ne\u0161ika, tak by to ve Va\u0161em p\u0159\u00edpad\u011b zaru\u010den\u011b nedopadlo dob\u0159e. Nejsp\u00ed\u0161 by hrozilo, \u017ee nap\u00e1ch\u00e1te v\u00edce \u0161kody ne\u017e u\u017eitku. To si nem\u016f\u017eete dovolit. Man\u017eelka by m\u011bla zase plnou pusu hloup\u00fdch \u0159e\u010d\u00ed. Obklada\u010dsk\u00e9 pr\u00e1ce Praha spln\u00ed ve\u0161ker\u00e9 Va\u0161e sny a nov\u00e1 koupelna bude vypadat naprosto skv\u011ble.Luxusn\u00ed koupelna byla v\u017edy V\u00e1\u0161 velk\u00fd sen  V\u017edy jste tou\u017eila po luxusn\u00ed koupeln\u011b. Se z\u00e1jmem jste si prohl\u00ed\u017eela katalogy a hledala jste inspiraci i pro Va\u0161i vysn\u011bnou koupelnu. Nyn\u00ed jste si kone\u010dn\u011b splnila V\u00e1\u0161 sen. Na\u0161et\u0159ila jste si pen\u00edze a rozhodla jste se Va\u0161i starou koupelnu prom\u011bnit. Koupila jste si luxusn\u00ed sanit\u00e1rn\u00ed techniku. Obrovsk\u00e1 vana bude dominantou Va\u0161\u00ed koupelny. Nezapomn\u011bla jste ani na prostorn\u00fd sprchov\u00fd kout. V\u0161ude jsou obrovsk\u00e9 zrcadla, kter\u00e1 dan\u00fd prostor opticky zv\u011bt\u0161\u00ed. Obklada\u010dsk\u00e9 pr\u00e1ce Praha m\u016f\u017eete v\u0161em v\u0159ele doporu\u010dit. U V\u00e1s odvedli skv\u011bl\u00fd v\u00fdkon.                                                                                                                                                                                                                                                                                                                                                                                        4.2\/5 - (10 votes)        "},{"@context":"https:\/\/schema.org\/","@type":"BreadcrumbList","itemListElement":[{"@type":"ListItem","position":1,"name":"Rekonstrukci koupelny sv\u011b\u0159te profesion\u00e1l\u016fm","item":"https:\/\/www.foko.cz\/rekonstrukci-koupelny-sverte-profesionalum\/#breadcrumbitem"}]}]