[{"@context":"https:\/\/schema.org\/","@type":"Article","@id":"https:\/\/www.foko.cz\/pro-vas-klidny-spanek\/#Article","mainEntityOfPage":"https:\/\/www.foko.cz\/pro-vas-klidny-spanek\/","headline":"Pro V\u00e1\u0161 klidn\u00fd sp\u00e1nek","name":"Pro V\u00e1\u0161 klidn\u00fd sp\u00e1nek","description":"Zn\u00e1me to asi v\u0161ichni, starosti dovedou potr\u00e1pit a p\u0159ipravit nejednu bezesnou noc. A pokud podnik\u00e1te, pokud vedete men\u0161\u00ed \u010di v\u011bt\u0161\u00ed&#46;&#46;&#46;","datePublished":"2023-06-21","dateModified":"2024-06-24","author":{"@type":"Person","@id":"https:\/\/www.foko.cz\/author\/#Person","name":"","url":"https:\/\/www.foko.cz\/author\/","identifier":1,"image":{"@type":"ImageObject","@id":"https:\/\/secure.gravatar.com\/avatar\/4faace62981be50719be6a25151192978e6d585737a520836dcb98934de3bb45?s=96&d=mm&r=g","url":"https:\/\/secure.gravatar.com\/avatar\/4faace62981be50719be6a25151192978e6d585737a520836dcb98934de3bb45?s=96&d=mm&r=g","height":96,"width":96}},"publisher":{"@type":"Organization","name":"foko.cz","logo":{"@type":"ImageObject","@id":"\/logo.png","url":"\/logo.png","width":600,"height":60}},"url":"https:\/\/www.foko.cz\/pro-vas-klidny-spanek\/","wordCount":256,"articleBody":"Zn\u00e1me to asi v\u0161ichni, starosti dovedou potr\u00e1pit a p\u0159ipravit nejednu bezesnou noc. A pokud podnik\u00e1te, pokud vedete men\u0161\u00ed \u010di v\u011bt\u0161\u00ed firmu a m\u00e1te na starosti jej\u00ed finan\u010dn\u00ed z\u00e1le\u017eitosti, no\u010dn\u00ed sp\u00e1nek m\u016f\u017ee b\u00fdt naru\u0161en dvojn\u00e1sob. Tr\u00e1p\u00ed V\u00e1s nejen to, zda V\u00e1\u0161 podnikatelsk\u00fd z\u00e1m\u011br vyjde, zda budete m\u00edt dostatek z\u00e1jemc\u016f o Va\u0161e zbo\u017e\u00ed \u010di slu\u017eby, tr\u00e1p\u00ed V\u00e1s i to, zda jste sv\u016fj hospod\u00e1\u0159sk\u00fd v\u00fdsledek dob\u0159e zaevidovali v \u00fa\u010detn\u00edm programu, zda je ka\u017ed\u00e1 polo\u017eka na sv\u00e9m m\u00edst\u011b. V\u00e1\u017en\u011b mysl\u00edte, \u017ee to stoj\u00ed za to? Pokud jde o veden\u00ed \u00fa\u010detnictv\u00ed Praha, nen\u00ed co \u0159e\u0161it. Zde se V\u00e1m investice do profesion\u00e1ln\u00edch slu\u017eeb skute\u010dn\u011b vyplat\u00ed.\tDejte svou pr\u00e1ci n\u00e1mNehovo\u0159\u00edme v\u0161ak o zam\u011bstn\u00e1n\u00ed odborn\u00e9ho pracovn\u00edka p\u0159\u00edmo ve Va\u0161\u00ed firm\u011b, zde by rentabilita mohla b\u00fdt skute\u010dn\u011b pon\u011bkud sporn\u00e1. My hovo\u0159\u00edme o n\u011b\u010dem zcela jin\u00e9m. Sv\u011b\u0159te ve\u0161ker\u00e9 sv\u00e9 finan\u010dn\u00ed z\u00e1le\u017eitost\u00ed extern\u00ed firm\u011b, vlo\u017ete sv\u00e9 starosti na na\u0161e bedra. V\u00e1m ubude pr\u00e1ce, ubudou V\u00e1m starosti a stres pramen\u00edc\u00ed z nejistoty, p\u0159ibude V\u00e1m klidn\u00fd sp\u00e1nek a \u010das, kter\u00fd m\u016f\u017eete v\u011bnovat vym\u00fd\u0161len\u00ed nov\u00fdch projekt\u016f. A v\u00edte, \u017ee to m\u016f\u017ee b\u00fdt za p\u0159ekvapiv\u011b n\u00edzkou cenu?                                                                                                                                                                                                                                                                                                                                                                                        4.6\/5 - (5 votes)        "},{"@context":"https:\/\/schema.org\/","@type":"BreadcrumbList","itemListElement":[{"@type":"ListItem","position":1,"name":"Pro V\u00e1\u0161 klidn\u00fd sp\u00e1nek","item":"https:\/\/www.foko.cz\/pro-vas-klidny-spanek\/#breadcrumbitem"}]}]