{"@context":"https:\/\/schema.org\/","@type":"CollectionPage","@id":"https:\/\/www.foko.cz\/nezarazene\/#CollectionPage","headline":"Neza\u0159azen\u00e9 Category","description":"","url":"https:\/\/www.foko.cz\/nezarazene\/","hasPart":[{"@type":"Article","@id":"https:\/\/www.foko.cz\/zmena-detskeho-pokoje-na-skolni\/","headline":"Zm\u011bna d\u011btsk\u00e9ho pokoje na \u0161koln\u00ed","url":"https:\/\/www.foko.cz\/zmena-detskeho-pokoje-na-skolni\/","datePublished":"2021-09-25","dateModified":"2023-05-31","mainEntityOfPage":"https:\/\/www.foko.cz\/zmena-detskeho-pokoje-na-skolni\/","author":{"@type":"Person","@id":"https:\/\/www.foko.cz\/author\/#Person","name":"","url":"https:\/\/www.foko.cz\/author\/","identifier":1,"image":{"@type":"ImageObject","@id":"https:\/\/secure.gravatar.com\/avatar\/4faace62981be50719be6a25151192978e6d585737a520836dcb98934de3bb45?s=96&d=mm&r=g","url":"https:\/\/secure.gravatar.com\/avatar\/4faace62981be50719be6a25151192978e6d585737a520836dcb98934de3bb45?s=96&d=mm&r=g","height":96,"width":96}},"publisher":{"@type":"Organization","name":"foko.cz","logo":{"@type":"ImageObject","@id":"\/logo.png","url":"\/logo.png","width":600,"height":60}},"image":{"@type":"ImageObject","@id":"https:\/\/www.foko.cz\/wp-content\/uploads\/d%C4%9Btsk%C3%BD%20pokoj_10_10_1.jpg","url":"https:\/\/www.foko.cz\/wp-content\/uploads\/d%C4%9Btsk%C3%BD%20pokoj_10_10_1.jpg","height":0,"width":0},"keywords":null}]}