[{"@context":"https:\/\/schema.org\/","@type":"Article","@id":"https:\/\/www.foko.cz\/nejznamejsi-akce-v-cr\/#Article","mainEntityOfPage":"https:\/\/www.foko.cz\/nejznamejsi-akce-v-cr\/","headline":"Nejzn\u00e1m\u011bj\u0161\u00ed akce v \u010cR","name":"Nejzn\u00e1m\u011bj\u0161\u00ed akce v \u010cR","description":"N\u011bkter\u00e9 akce v \u010cesk\u00e9 republice jsou zn\u00e1m\u00e9 u\u017e dlouho a n\u011bkter\u00e9 jist\u011b chcete minim\u00e1ln\u011b nav\u0161t\u00edvit. A\u0165 u\u017e se jedn\u00e1 o&#46;&#46;&#46;","datePublished":"2019-06-12","dateModified":"2023-05-31","author":{"@type":"Person","@id":"https:\/\/www.foko.cz\/author\/#Person","name":"","url":"https:\/\/www.foko.cz\/author\/","identifier":1,"image":{"@type":"ImageObject","@id":"https:\/\/secure.gravatar.com\/avatar\/4faace62981be50719be6a25151192978e6d585737a520836dcb98934de3bb45?s=96&d=mm&r=g","url":"https:\/\/secure.gravatar.com\/avatar\/4faace62981be50719be6a25151192978e6d585737a520836dcb98934de3bb45?s=96&d=mm&r=g","height":96,"width":96}},"publisher":{"@type":"Organization","name":"foko.cz","logo":{"@type":"ImageObject","@id":"\/logo.png","url":"\/logo.png","width":600,"height":60}},"image":{"@type":"ImageObject","@id":"https:\/\/www.foko.cz\/wp-content\/uploads\/img_a348056_w2715_t1562506162.jpg","url":"https:\/\/www.foko.cz\/wp-content\/uploads\/img_a348056_w2715_t1562506162.jpg","height":0,"width":0},"url":"https:\/\/www.foko.cz\/nejznamejsi-akce-v-cr\/","wordCount":409,"articleBody":"N\u011bkter\u00e9 akce v \u010cesk\u00e9 republice jsou zn\u00e1m\u00e9 u\u017e dlouho a n\u011bkter\u00e9 jist\u011b chcete minim\u00e1ln\u011b nav\u0161t\u00edvit. A\u0165 u\u017e se jedn\u00e1 o ud\u00e1lost na druh\u00e9 stran\u011b republiky, nebo je pobl\u00ed\u017e. I na ty nejbli\u017e\u0161\u00ed se kolikr\u00e1t nedostanete, proto\u017ee nikdy nev\u00edte, co v\u00e1m v\u00e1\u0161 \u017eivot p\u0159iprav\u00ed a \u010das nikdy nemus\u00ed vyj\u00edt, jak byste si p\u0159\u00e1li.&#13; &#13; Prague Pride&#13; Akce, nebo festival na podporu homosexu\u00e1lu a homosexu\u00e1ln\u00edch rodin. Festival trv\u00e1 t\u00fdden, obsahuje mnoho debat a p\u0159edn\u00e1\u0161ek. Najdete zde i mnoho zahrani\u010dn\u00edch osobnost\u00ed. Prague Pride byl zalo\u017een v roce 2011 LGBT aktivisty. Stejn\u011b jako homosexualitu podporuj\u00ed n\u00e1v\u0161t\u011bvn\u00edci Pride festivalu rovnopr\u00e1vnost v\u0161em bez ohledu na genderovou identitu a orientaci.&#13; &#13; Matonni \u00bdMaraton Karlovy Vary&#13; A\u010dkoliv \u00bdmaratony najdete na v\u0161ech m\u00edstech, kter\u00e1 v\u00e1s napadnou, jeden z t\u011bch nejzn\u00e1m\u011bj\u0161\u00edch je pr\u00e1v\u011b p\u016flmaraton v Karlov\u00fdch Varech. Zde se v\u017edy sejde velk\u00e9 mno\u017estv\u00ed lid\u00ed i z r\u016fzn\u00fdch zem\u00ed sv\u011bta. Na t\u00e9to akci se setk\u00e1te i se zn\u00e1m\u00fdmi osobnostmi, kter\u00e9 se rozhodnou \u00fa\u010dastnit, nebo s t\u00fdmy, kter\u00e9 \u010dasto b\u011b\u017e\u00ed dobrovoln\u011b, aby propagovali dobrou v\u011bc.&#13; &#13; KVIFF&#13; Mezin\u00e1rodn\u00ed filmov\u00fd festival je jednou z nejpresti\u017en\u011bj\u0161\u00edch akc\u00ed, se kter\u00fdmi se zde m\u016f\u017eete setkat. A nejen to, narazit m\u016f\u017eete na osobnosti z cel\u00e9 sv\u011bta, na v\u00fdznamn\u00e9 re\u017eis\u00e9ry, politiky a sportovce. V roce 2018 jste se mohli setkat nap\u0159\u00edklad s Robertem Pattinsonem. Letos se v Karlov\u00fdch Varech setk\u00e1te s here\u010dkou Julianne Moore. Pokud se ale chyst\u00e1te na n\u011bjak\u00fd film, myslete trochu dop\u0159edu a objedn\u00e1vejte s p\u0159edstihem. Stejn\u011b tak p\u0159edem promyslete parkov\u00e1n\u00ed, jeliko\u017e v tento \u010das se m\u00edsta hledaj\u00ed opravdu t\u011b\u017ece.&#13; &#13; Color run&#13; D\u00edky Color run za\u010daly vznikat dal\u0161\u00ed barevn\u00e9 b\u011bhy, kter\u00e9 pomohli lidem se za\u010d\u00edt v\u00edce h\u00fdbat. A\u0165 u\u017e si okruh prob\u011bhnou \u010di projdou, za\u017eij\u00ed mnoho z\u00e1bavy a barev. Trasa m\u011b\u0159\u00ed jen 5 km a jeliko\u017e se setk\u00e1te pouze s rovinou, nen\u00ed probl\u00e9m t\u011bchto p\u00e1r kilometr\u016f odb\u011bhnout. Jedin\u00e9, co trochu p\u0159ek\u00e1\u017e\u00ed, je mnoho drobn\u00fdch \u010d\u00e1st\u00ed, kter\u00e9 vdechujete, kdy\u017e po v\u00e1s dobrovoln\u00edci h\u00e1z\u00ed barvy. Ov\u0161em pr\u00e1v\u011b tyto barvy jsou motivac\u00ed si okruh proj\u00edt.&#13; &#13; &#13; &#13;                                                                                                                                                                                                                                                                                                                                                                                         4.1\/5 - (7 votes)        "},{"@context":"https:\/\/schema.org\/","@type":"BreadcrumbList","itemListElement":[{"@type":"ListItem","position":1,"name":"Nejzn\u00e1m\u011bj\u0161\u00ed akce v \u010cR","item":"https:\/\/www.foko.cz\/nejznamejsi-akce-v-cr\/#breadcrumbitem"}]}]