[{"@context":"https:\/\/schema.org\/","@type":"Article","@id":"https:\/\/www.foko.cz\/co-vite-o-matejske-pouti\/#Article","mainEntityOfPage":"https:\/\/www.foko.cz\/co-vite-o-matejske-pouti\/","headline":"Co v\u00edte o Mat\u011bjsk\u00e9 pouti?","name":"Co v\u00edte o Mat\u011bjsk\u00e9 pouti?","description":"Mat\u011bjsk\u00e1 pou\u0165 m\u00e1 svou mnohaletou tradici, kter\u00e1 nebyla dosud nikdy p\u0159eru\u0161ena. Mo\u017en\u00e1 v\u00e1m to bude p\u0159ipadat p\u0159inejmen\u0161\u00edm zvl\u00e1\u0161tn\u00ed, ale jedn\u00e1&#46;&#46;&#46;","datePublished":"2023-05-31","dateModified":"2023-05-31","author":{"@type":"Person","@id":"https:\/\/www.foko.cz\/author\/#Person","name":"","url":"https:\/\/www.foko.cz\/author\/","identifier":1,"image":{"@type":"ImageObject","@id":"https:\/\/secure.gravatar.com\/avatar\/4faace62981be50719be6a25151192978e6d585737a520836dcb98934de3bb45?s=96&d=mm&r=g","url":"https:\/\/secure.gravatar.com\/avatar\/4faace62981be50719be6a25151192978e6d585737a520836dcb98934de3bb45?s=96&d=mm&r=g","height":96,"width":96}},"publisher":{"@type":"Organization","name":"foko.cz","logo":{"@type":"ImageObject","@id":"\/logo.png","url":"\/logo.png","width":600,"height":60}},"image":{"@type":"ImageObject","@id":"https:\/\/www.foko.cz\/wp-content\/uploads\/img_a310964_w2103_t1521927008.jpg","url":"https:\/\/www.foko.cz\/wp-content\/uploads\/img_a310964_w2103_t1521927008.jpg","height":0,"width":0},"url":"https:\/\/www.foko.cz\/co-vite-o-matejske-pouti\/","wordCount":512,"articleBody":"Mat\u011bjsk\u00e1 pou\u0165 m\u00e1 svou mnohaletou tradici, kter\u00e1 nebyla dosud nikdy p\u0159eru\u0161ena. Mo\u017en\u00e1 v\u00e1m to bude p\u0159ipadat p\u0159inejmen\u0161\u00edm zvl\u00e1\u0161tn\u00ed, ale jedn\u00e1 se o jednu z\u00a0m\u00e1la kulturn\u00edch a z\u00e1bavn\u00edch akc\u00ed, kter\u00e9 \u201eM\u011bsto Pra\u017esk\u00e9\u201c po\u0159\u00e1d\u00e1 ji\u017e od roku 1595. P\u0159esn\u011bji \u0159e\u010deno, prvn\u00ed p\u00edsemn\u00fd z\u00e1znam o kon\u00e1n\u00ed Mat\u011bjsk\u00e9 pouti ve \u010dtvrti Hanspaulka poch\u00e1z\u00ed pr\u00e1v\u011b z\u00a0tohoto roku, vylou\u010deno tedy nen\u00ed, \u017ee se pout\u011b v\u00a0t\u011bchto m\u00edstech konaly ji\u017e d\u0159\u00edve.Pouti se v\u00a0pr\u016fb\u011bhu \u010dty\u0159 stalet\u00ed v\u00fdrazn\u011b m\u011bnily, souviselo to p\u0159edev\u0161\u00edm s\u00a0technick\u00fdmi mo\u017enostmi , kter\u00e9 p\u0159in\u00e1\u0161ely nov\u00e9 a nov\u00e9 atrakce. Zpo\u010d\u00e1tku \u0161lo sp\u00ed\u0161e o st\u0159edov\u011bk\u00e1 setk\u00e1v\u00e1n\u00ed pod \u0161ir\u00fdm nebem s\u00a0c\u00edlem p\u0159iv\u00edtat p\u0159\u00edchod jara, odvr\u00e1tit choroby, kter\u00e9 ve st\u0159edov\u011bku lidstvo velmi su\u017eovaly, a obchodovat s\u00a0produkty \u0159emesln\u00e9 v\u00fdroby.\tSvat\u00fd Mat\u011bj ochr\u00e1nce p\u0159ed chorobami a patron \u0159emesln\u00e9 v\u00fdrobyN\u00e1zev pouti je odvozen od Svat\u00e9ho Mat\u011bje. Ten je odjak\u017eiva ochr\u00e1ncem n\u011bkter\u00fdch \u0159emesel (kov\u00e1\u0159\u016f, \u0159ezn\u00edk\u016f, krej\u010d\u00edch, cukr\u00e1\u0159\u016f, tesa\u0159\u016f a zedn\u00edk\u016f) a v\u00a0modlitb\u00e1ch \u00fadajn\u011b odvrac\u00ed od ka\u017ed\u00e9ho pozem\u0161\u0165ana plan\u00e9 ne\u0161tovice, tyfus, \u010dern\u00fd ka\u0161el a mu\u017eskou i \u017eenskou neplodnost. St\u0159edov\u011bk se vyzna\u010doval tak\u00e9 dlouh\u00fdmi obdob\u00edmi mraziv\u00fdch zim a Svat\u00fd Mat\u011bj p\u0159in\u00e1\u0161el v\u017edy prvn\u00ed jarn\u00ed poselstv\u00ed, \u0159\u00edkalo se o n\u011bm, \u017ee doslova l\u00e1mal ledy na Vltav\u011b.P\u016fvodn\u00ed Mat\u011bjsk\u00e9 pouti se konaly na Hanspaulce a pak se p\u0159esunuly na V\u00edt\u011bzn\u00e9 n\u00e1m\u011bst\u00ed v\u00a0Dejvic\u00edch. Plocha v\u0161ak postupn\u011b nesta\u010dila pojmout v\u0161echny st\u00e1nky a atrakce, a tak se od 20. stolet\u00ed konaj\u00ed Mat\u011bjsk\u00e9 pouti v\u00a0t\u011bsn\u00e9m sousedstv\u00ed nejv\u011bt\u0161\u00edho pra\u017esk\u00e9ho parku \u2013 Stromovky.Dnes m\u016f\u017eete od konce m\u011bs\u00edce \u00fanora zav\u00edtat na Mat\u011bjskou pou\u0165 v\u00a0t\u00e9m\u011b\u0159 nezm\u011bn\u011bn\u00e9 podob\u011b, v\u00a0jak\u00e9 b\u00fdvala p\u0159ed n\u011bkolika des\u00edtkami let. M\u016f\u017eete se povozit na rusk\u00e9m kole, na divok\u00e9 horsk\u00e9 dr\u00e1ze, vstoupit do stra\u0161ideln\u00e9ho z\u00e1mku, a kdo zrovna nemiluje adrenalinov\u00e9 z\u00e1\u017eitky, ten se chyst\u00e1 nakupovat sv\u00fdm milovan\u00fdm \u017een\u00e1m a d\u00edvk\u00e1m srdce z\u00a0pern\u00edku, d\u011btem ply\u0161ov\u00e9 medv\u00eddky, panenky, opi\u010dky, pejsky a spoustu dal\u0161\u00edch vesel\u00fdch hra\u010dek. V\u00a0prodejn\u00edch st\u00e1nc\u00edch naleznete leccos, od rychl\u00e9ho ob\u010derstven\u00ed a\u017e po hodnotn\u00e9 d\u00e1rky a suven\u00fdry. Svat\u00fd Mat\u011bj sem ka\u017edoro\u010dn\u011b l\u00e1k\u00e1 i r\u016fzn\u00e9 \u0159emesln\u00edky, kte\u0159\u00ed tu prod\u00e1vaj\u00ed v\u00fdrobky, jak\u00e9 zakoup\u00edte t\u0159eba na velikono\u010dn\u00edch a v\u00e1no\u010dn\u00edch trz\u00edch.Mat\u011bjsk\u00e1 pou\u0165 prob\u00edh\u00e1 v\u017edy po dobu necel\u00fdch dvou m\u011bs\u00edc\u016f, v\u00a0roce 2018 za\u010dala ji\u017e 24. \u00fanora a kon\u010d\u00ed 15. dubna.                                                                                                                                                                                                                                                                                                                                                                                        4\/5 - (6 votes)        "},{"@context":"https:\/\/schema.org\/","@type":"BreadcrumbList","itemListElement":[{"@type":"ListItem","position":1,"name":"Co v\u00edte o Mat\u011bjsk\u00e9 pouti?","item":"https:\/\/www.foko.cz\/co-vite-o-matejske-pouti\/#breadcrumbitem"}]}]