[{"@context":"https:\/\/schema.org\/","@type":"Article","@id":"https:\/\/www.foko.cz\/co-se-vam-na-bazene-bude-hodit\/#Article","mainEntityOfPage":"https:\/\/www.foko.cz\/co-se-vam-na-bazene-bude-hodit\/","headline":"Co se v\u00e1m na baz\u00e9n\u011b bude hodit?","name":"Co se v\u00e1m na baz\u00e9n\u011b bude hodit?","description":"Asi jste se na baz\u00e9n v l\u00e9t\u011b vypravili ji\u017e mnohokr\u00e1t. K takov\u00e9 n\u00e1v\u0161t\u011bv\u011b ale obvykle nesta\u010d\u00ed jen si obout boty&#46;&#46;&#46;","datePublished":"2023-02-14","dateModified":"2023-05-31","author":{"@type":"Person","@id":"https:\/\/www.foko.cz\/author\/#Person","name":"","url":"https:\/\/www.foko.cz\/author\/","identifier":1,"image":{"@type":"ImageObject","@id":"https:\/\/secure.gravatar.com\/avatar\/4faace62981be50719be6a25151192978e6d585737a520836dcb98934de3bb45?s=96&d=mm&r=g","url":"https:\/\/secure.gravatar.com\/avatar\/4faace62981be50719be6a25151192978e6d585737a520836dcb98934de3bb45?s=96&d=mm&r=g","height":96,"width":96}},"publisher":{"@type":"Organization","name":"foko.cz","logo":{"@type":"ImageObject","@id":"\/logo.png","url":"\/logo.png","width":600,"height":60}},"image":{"@type":"ImageObject","@id":"https:\/\/www.foko.cz\/wp-content\/uploads\/sunglasses-1850648__480_2.jpg","url":"https:\/\/www.foko.cz\/wp-content\/uploads\/sunglasses-1850648__480_2.jpg","height":0,"width":0},"url":"https:\/\/www.foko.cz\/co-se-vam-na-bazene-bude-hodit\/","about":["N\u00e1kupy"],"wordCount":447,"articleBody":"       Asi jste se na baz\u00e9n v l\u00e9t\u011b vypravili ji\u017e mnohokr\u00e1t. K takov\u00e9 n\u00e1v\u0161t\u011bv\u011b ale obvykle nesta\u010d\u00ed jen si obout boty a vyrazit. Naopak, je pot\u0159eba s sebou p\u0159ibalit alespo\u0148 z\u00e1kladn\u00ed vybaven\u00ed, proto\u017ee jinak se na baz\u00e9n nejsp\u00ed\u0161 ani nedostanete. V\u00fdhodou ov\u0161em je, pokud jste sami majiteli baz\u00e9nu, proto\u017ee si pro dan\u00e9 pom\u016fcky m\u016f\u017eete zaj\u00edt p\u00e1r metr\u016f a nen\u00ed nutn\u00e9 se p\u0159ipravovat p\u0159edem. Pokud ale baz\u00e9n nevlastn\u00edte, nevad\u00ed! Mnoho kr\u00e1sn\u00fdch chvil toti\u017e m\u016f\u017eete pro\u017e\u00edt i na tom m\u011bstsk\u00e9m, jen je dobr\u00e9 se na takovou n\u00e1v\u0161t\u011bvu p\u0159edem p\u0159ichystat. Ur\u010dit\u011b tedy nesm\u00edte zapomenout na plavky. Jejich st\u0159ih by m\u011bl v\u017edy odpov\u00eddat aktivit\u011b, kterou se ve vod\u011b chyst\u00e1te prov\u00e1d\u011bt. Zat\u00edmco nad\u0161en\u00ed plavci tedy s\u00e1hnou po sportovn\u00edch plavk\u00e1ch, ostatn\u00ed jedinci, kte\u0159\u00ed jdou na baz\u00e9n odpo\u010d\u00edvat sp\u00ed\u0161e pasivn\u011b, maj\u00ed volnou ruku p\u0159i v\u00fdb\u011bru a mohou zvolit takov\u00fd model, kter\u00fd se jim l\u00edb\u00ed a lichot\u00ed postav\u011b. Pokud m\u00e1te v pl\u00e1nu opravdu plavat, a dokonce se i potopit do tajemn\u00fdch hlubin baz\u00e9nu, rozhodn\u011b nezapome\u0148te doma plaveck\u00e9 br\u00fdle, d\u00edky kter\u00fdm u\u0161et\u0159\u00edte sv\u00e9 o\u010di n\u00e1sledn\u00e9 zarudlosti a sv\u011bd\u011bn\u00ed. Zejm\u00e9na \u017eeny s dlouh\u00fdmi vlasy, kter\u00e9 jsou ve vod\u011b jako doma, a to nejen na jej\u00ed hladin\u011b, ocen\u00ed takt\u00e9\u017e plaveck\u00e9 \u010depice.U\u017e d\u00e1vno to nen\u00ed jen p\u0159edm\u011bt pro d\u011bti do \u0161kolky, vyr\u00e1b\u011bj\u00ed se v mnoha designech i pro dosp\u011bl\u00e9 a va\u0161e vlasy v\u00e1m za jejich pou\u017eit\u00ed budou zcela jist\u011b vd\u011b\u010dn\u00e9. V hork\u00e9m letn\u00edm po\u010das\u00ed ocen\u00edte i pokr\u00fdvku hlavy a opalovac\u00ed kr\u00e9m, kter\u00fd v\u00e1m pom\u016f\u017ee p\u0159edej\u00edt sp\u00e1lenin\u00e1m od slun\u00ed\u010dka. Pokud v\u00e1m z\u00e1le\u017e\u00ed i na ochran\u011b o\u010d\u00ed, slune\u010dn\u00ed br\u00fdle a pouzdro na slune\u010dn\u00ed br\u00fdle jsou pro v\u00e1s opravdovou s\u00e1zkou na jistotu. A nakonec, nezapome\u0148te ani na ru\u010dn\u00edk, kter\u00fd vyu\u017eijete ve sprch\u00e1ch \u010di pantofle, proto\u017ee o hygienick\u00fdch podm\u00ednk\u00e1ch na n\u011bkter\u00fdch baz\u00e9nech je lep\u0161\u00ed rad\u011bji nemluvit. Nav\u00edc touto praktickou obuv\u00ed p\u0159edejdete p\u00e1du a n\u00e1sledn\u00e9mu zran\u011bn\u00ed, kter\u00fdm si pr\u00e1zdniny asi zni\u010dit nechcete. Na baz\u00e9n se vyplat\u00ed dop\u0159edu p\u0159ipravit a na nic nezapomenout, abyste si pobyt zde mohli u\u017e\u00edt co mo\u017en\u00e1 nejv\u00edce.                                                                                                                                                                                                                                                                                                                                                                                          4.5\/5 - (6 votes)        "},{"@context":"https:\/\/schema.org\/","@type":"BreadcrumbList","itemListElement":[{"@type":"ListItem","position":1,"name":"Co se v\u00e1m na baz\u00e9n\u011b bude hodit?","item":"https:\/\/www.foko.cz\/co-se-vam-na-bazene-bude-hodit\/#breadcrumbitem"}]}]